{"id":633,"date":"2023-08-12T16:35:00","date_gmt":"2023-08-12T14:35:00","guid":{"rendered":"https:\/\/www.dp6k.de\/?p=633"},"modified":"2023-08-31T11:51:06","modified_gmt":"2023-08-31T09:51:06","slug":"radiobau-mit-dem-ortsverband","status":"publish","type":"post","link":"https:\/\/www.dp6k.de\/?p=633","title":{"rendered":"Radiobau mit dem Ortsverband"},"content":{"rendered":"\n<p>Auch in diesem Jahr p\u00e4sentierte sich der <a href=\"https:\/\/www.darc.de\/der-club\/distrikte\/b\/ortsverbaende\/07\/\">Ortsverband Kulmbach im D.A.R.C.<\/a> wieder der \u00d6ffentlichkeit, dieses Mal allerdings etwas anders: Interessierte konnten ihr eigenes Kurzwellenradio bauen.<\/p>\n\n\n\n<!--more-->\n\n\n\n<p>Am 5. August wurden unterst\u00fctzt durch die bestens bekannte <a href=\"https:\/\/dk0mgf.mgf-kulmbach.de\/\">Amateurfunkgruppe des MGF<\/a> im Physikfachbereich des Gymnasiums f\u00fcnf L\u00f6tpl\u00e4tze f\u00fcr das Basteln der Empf\u00e4nger eingerichtet. Nat\u00fcrlich sollte auch gefunkt werden, also richtete man Stationen f\u00fcr Kurzwelle, UKW und Satellitenfunk via QO-100 ein. Die n\u00f6tigen Antennen wurden kurzerhand auf dem vor den Fenstern gelegenen Dach des Nachbarbaus aufgebaut.<\/p>\n\n\n\n<p>Um 13:00 Uhr wurden die Teilnehmer begr\u00fc\u00dft, jeder bekam einen fachkundigen Betreuer an die Hand und der Bastelspa\u00df konnte beginnen. Wir haben uns dazu einen Bausatz von Box-73 ausgesucht, den wir im Vorfeld schon teilweise vorbereitet hatten, um die Komplexit\u00e4t zu senken. Bis etwa 16:00 Uhr waren alle Empf\u00e4nger fertiggebaut, abgeglichen und empfingen sowohl unseren Testsender als auch verschiedene Radioprogramme im 49-Meter-Band.<br><\/p>\n\n\n\n<figure class=\"wp-block-gallery has-nested-images columns-default is-cropped wp-block-gallery-1 is-layout-flex wp-block-gallery-is-layout-flex\">\n<figure class=\"wp-block-image size-large\"><a href=\"https:\/\/www.dp6k.de\/wp-content\/uploads\/2023\/08\/k-IMG_20230805_134543.jpg\"><img loading=\"lazy\" decoding=\"async\" width=\"1024\" height=\"512\" data-id=\"639\" src=\"https:\/\/www.dp6k.de\/wp-content\/uploads\/2023\/08\/k-IMG_20230805_134543-1024x512.jpg\" alt=\"\" class=\"wp-image-639\" srcset=\"https:\/\/www.dp6k.de\/wp-content\/uploads\/2023\/08\/k-IMG_20230805_134543-1024x512.jpg 1024w, https:\/\/www.dp6k.de\/wp-content\/uploads\/2023\/08\/k-IMG_20230805_134543-300x150.jpg 300w, https:\/\/www.dp6k.de\/wp-content\/uploads\/2023\/08\/k-IMG_20230805_134543-768x384.jpg 768w, https:\/\/www.dp6k.de\/wp-content\/uploads\/2023\/08\/k-IMG_20230805_134543-1536x768.jpg 1536w, https:\/\/www.dp6k.de\/wp-content\/uploads\/2023\/08\/k-IMG_20230805_134543-540x270.jpg 540w, https:\/\/www.dp6k.de\/wp-content\/uploads\/2023\/08\/k-IMG_20230805_134543.jpg 1984w\" sizes=\"auto, (max-width: 1024px) 100vw, 1024px\" \/><\/a><\/figure>\n\n\n\n<figure class=\"wp-block-image size-large\"><a href=\"https:\/\/www.dp6k.de\/wp-content\/uploads\/2023\/08\/k-IMG_20230805_112339.jpg\"><img loading=\"lazy\" decoding=\"async\" width=\"1024\" height=\"512\" data-id=\"638\" src=\"https:\/\/www.dp6k.de\/wp-content\/uploads\/2023\/08\/k-IMG_20230805_112339-1024x512.jpg\" alt=\"\" class=\"wp-image-638\" srcset=\"https:\/\/www.dp6k.de\/wp-content\/uploads\/2023\/08\/k-IMG_20230805_112339-1024x512.jpg 1024w, https:\/\/www.dp6k.de\/wp-content\/uploads\/2023\/08\/k-IMG_20230805_112339-300x150.jpg 300w, https:\/\/www.dp6k.de\/wp-content\/uploads\/2023\/08\/k-IMG_20230805_112339-768x384.jpg 768w, https:\/\/www.dp6k.de\/wp-content\/uploads\/2023\/08\/k-IMG_20230805_112339-1536x768.jpg 1536w, https:\/\/www.dp6k.de\/wp-content\/uploads\/2023\/08\/k-IMG_20230805_112339-540x270.jpg 540w, https:\/\/www.dp6k.de\/wp-content\/uploads\/2023\/08\/k-IMG_20230805_112339.jpg 1984w\" sizes=\"auto, (max-width: 1024px) 100vw, 1024px\" \/><\/a><\/figure>\n<\/figure>\n\n\n\n<p><br>Durch die zahlreichen anwesenden Vereinsmitglieder wurden Neugierige \u00fcber die Eigenheiten und Vorz\u00fcge des Amateurfunks aufgekl\u00e4rt und Funkverbindungen vorgef\u00fchrt. Unter dem Strich konnten sich Ortsverband, Schule und auch wir uns gut pr\u00e4sentierten. Alle Beteiligten hatten jede Menge Spa\u00df, sei es am Basteln, Funken oder Antennenbau. Auch die Presse war vor Ort, was auf zus\u00e4tzliche Ausfmerksamkeit hoffen l\u00e4sst.<br><\/p>\n\n\n\n<figure class=\"wp-block-gallery has-nested-images columns-default is-cropped wp-block-gallery-2 is-layout-flex wp-block-gallery-is-layout-flex\">\n<figure class=\"wp-block-image size-large\"><a href=\"https:\/\/www.dp6k.de\/wp-content\/uploads\/2023\/08\/k-IMG_20230805_153927.jpg\"><img loading=\"lazy\" decoding=\"async\" width=\"1024\" height=\"512\" data-id=\"641\" src=\"https:\/\/www.dp6k.de\/wp-content\/uploads\/2023\/08\/k-IMG_20230805_153927-1024x512.jpg\" alt=\"\" class=\"wp-image-641\" srcset=\"https:\/\/www.dp6k.de\/wp-content\/uploads\/2023\/08\/k-IMG_20230805_153927-1024x512.jpg 1024w, https:\/\/www.dp6k.de\/wp-content\/uploads\/2023\/08\/k-IMG_20230805_153927-300x150.jpg 300w, https:\/\/www.dp6k.de\/wp-content\/uploads\/2023\/08\/k-IMG_20230805_153927-768x384.jpg 768w, https:\/\/www.dp6k.de\/wp-content\/uploads\/2023\/08\/k-IMG_20230805_153927-1536x768.jpg 1536w, https:\/\/www.dp6k.de\/wp-content\/uploads\/2023\/08\/k-IMG_20230805_153927-540x270.jpg 540w, https:\/\/www.dp6k.de\/wp-content\/uploads\/2023\/08\/k-IMG_20230805_153927.jpg 1984w\" sizes=\"auto, (max-width: 1024px) 100vw, 1024px\" \/><\/a><\/figure>\n\n\n\n<figure class=\"wp-block-image size-large\"><a href=\"https:\/\/www.dp6k.de\/wp-content\/uploads\/2023\/08\/k-IMG_20230805_154016.jpg\"><img loading=\"lazy\" decoding=\"async\" width=\"1024\" height=\"512\" data-id=\"640\" src=\"https:\/\/www.dp6k.de\/wp-content\/uploads\/2023\/08\/k-IMG_20230805_154016-1024x512.jpg\" alt=\"\" class=\"wp-image-640\" srcset=\"https:\/\/www.dp6k.de\/wp-content\/uploads\/2023\/08\/k-IMG_20230805_154016-1024x512.jpg 1024w, https:\/\/www.dp6k.de\/wp-content\/uploads\/2023\/08\/k-IMG_20230805_154016-300x150.jpg 300w, https:\/\/www.dp6k.de\/wp-content\/uploads\/2023\/08\/k-IMG_20230805_154016-768x384.jpg 768w, https:\/\/www.dp6k.de\/wp-content\/uploads\/2023\/08\/k-IMG_20230805_154016-1536x768.jpg 1536w, https:\/\/www.dp6k.de\/wp-content\/uploads\/2023\/08\/k-IMG_20230805_154016-540x270.jpg 540w, https:\/\/www.dp6k.de\/wp-content\/uploads\/2023\/08\/k-IMG_20230805_154016.jpg 1984w\" sizes=\"auto, (max-width: 1024px) 100vw, 1024px\" \/><\/a><\/figure>\n\n\n\n<figure class=\"wp-block-image size-large\"><a href=\"https:\/\/www.dp6k.de\/wp-content\/uploads\/2023\/08\/k-IMG20230805110204.jpg\"><img loading=\"lazy\" decoding=\"async\" width=\"1024\" height=\"576\" data-id=\"642\" src=\"https:\/\/www.dp6k.de\/wp-content\/uploads\/2023\/08\/k-IMG20230805110204-1024x576.jpg\" alt=\"\" class=\"wp-image-642\" srcset=\"https:\/\/www.dp6k.de\/wp-content\/uploads\/2023\/08\/k-IMG20230805110204-1024x576.jpg 1024w, https:\/\/www.dp6k.de\/wp-content\/uploads\/2023\/08\/k-IMG20230805110204-300x169.jpg 300w, https:\/\/www.dp6k.de\/wp-content\/uploads\/2023\/08\/k-IMG20230805110204-768x432.jpg 768w, https:\/\/www.dp6k.de\/wp-content\/uploads\/2023\/08\/k-IMG20230805110204-1536x864.jpg 1536w, https:\/\/www.dp6k.de\/wp-content\/uploads\/2023\/08\/k-IMG20230805110204-480x270.jpg 480w, https:\/\/www.dp6k.de\/wp-content\/uploads\/2023\/08\/k-IMG20230805110204.jpg 1984w\" sizes=\"auto, (max-width: 1024px) 100vw, 1024px\" \/><\/a><\/figure>\n<\/figure>\n","protected":false},"excerpt":{"rendered":"<p>Auch in diesem Jahr p\u00e4sentierte sich der Ortsverband Kulmbach im D.A.R.C. wieder der \u00d6ffentlichkeit, dieses Mal allerdings etwas anders: Interessierte konnten ihr eigenes Kurzwellenradio bauen.<\/p>\n","protected":false},"author":4,"featured_media":637,"comment_status":"open","ping_status":"closed","sticky":false,"template":"","format":"standard","meta":{"footnotes":""},"categories":[6],"tags":[],"class_list":["post-633","post","type-post","status-publish","format-standard","has-post-thumbnail","hentry","category-ov"],"_links":{"self":[{"href":"https:\/\/www.dp6k.de\/index.php?rest_route=\/wp\/v2\/posts\/633","targetHints":{"allow":["GET"]}}],"collection":[{"href":"https:\/\/www.dp6k.de\/index.php?rest_route=\/wp\/v2\/posts"}],"about":[{"href":"https:\/\/www.dp6k.de\/index.php?rest_route=\/wp\/v2\/types\/post"}],"author":[{"embeddable":true,"href":"https:\/\/www.dp6k.de\/index.php?rest_route=\/wp\/v2\/users\/4"}],"replies":[{"embeddable":true,"href":"https:\/\/www.dp6k.de\/index.php?rest_route=%2Fwp%2Fv2%2Fcomments&post=633"}],"version-history":[{"count":8,"href":"https:\/\/www.dp6k.de\/index.php?rest_route=\/wp\/v2\/posts\/633\/revisions"}],"predecessor-version":[{"id":656,"href":"https:\/\/www.dp6k.de\/index.php?rest_route=\/wp\/v2\/posts\/633\/revisions\/656"}],"wp:featuredmedia":[{"embeddable":true,"href":"https:\/\/www.dp6k.de\/index.php?rest_route=\/wp\/v2\/media\/637"}],"wp:attachment":[{"href":"https:\/\/www.dp6k.de\/index.php?rest_route=%2Fwp%2Fv2%2Fmedia&parent=633"}],"wp:term":[{"taxonomy":"category","embeddable":true,"href":"https:\/\/www.dp6k.de\/index.php?rest_route=%2Fwp%2Fv2%2Fcategories&post=633"},{"taxonomy":"post_tag","embeddable":true,"href":"https:\/\/www.dp6k.de\/index.php?rest_route=%2Fwp%2Fv2%2Ftags&post=633"}],"curies":[{"name":"wp","href":"https:\/\/api.w.org\/{rel}","templated":true}]}}